{"id":700,"date":"2020-04-03T09:23:12","date_gmt":"2020-04-03T09:23:12","guid":{"rendered":"https:\/\/www.gen-a.es\/?p=700"},"modified":"2020-12-17T18:24:39","modified_gmt":"2020-12-17T18:24:39","slug":"consum-i-confinament","status":"publish","type":"post","link":"https:\/\/www.gen-a.es\/ca\/consum-i-confinament\/","title":{"rendered":"CONSUM I CONFINAMENT"},"content":{"rendered":"\n<p><br>Avui al Blog de GenA compartirem la reflexi\u00f3 d&#8217;un dels membres de l&#8217;equip, ADRI\u00c0 PUENTE SABATER, Psic\u00f2leg col\u00b7legiat 22.571, referent a la relaci\u00f3 que pot tenir aquests dies el consum amb el fet d&#8217;estar confinats. <br>Esperem que us faci reflexionar, i esperem els vostres comentaris.<\/p>\n\n\n\n<p><\/p>\n\n\n\n<ul class=\"wp-block-list\"><li><\/li><\/ul>\n\n\n\n<p>Aquests dies les nostres realitats han canviat. Estem habituats al tr\u00e0nsit fren\u00e8tic i al frenes\u00ed extern. A tenir constantment est\u00edmuls que ens criden l\u2019atenci\u00f3 i ens distreuen.<br><\/p>\n\n\n\n<p>I de cop tot ha parat, s\u2019ha ralentitzat. I els dies es poden fer llargs, pesats i, fins i tot, poc productius. Passem de viure exposats en un aparador immens on podem triar i remenar per quedar-nos all\u00f2 que volem (tot i que potser no necessitem), a fer-ho cap endins. En les nostres cases i els nostres pisos. Veient constantment el mateix paisatge, tan familiar, i en ocasions, tan poc contemplat.<\/p>\n\n\n\n<p><br>I aix\u00f2 pot generar angoixa i confusi\u00f3. I \u00e9s que en l\u2019era moderna hem viscut dissenyats per consumir, i de fet els grans trastorns mentals de finals del s. XX i de principis del s. XXI tenen a veure amb aix\u00f2. En s\u00f3n bon exemple els trastorns alimentaris (com per exemple la bul\u00edmia i l\u2019anor\u00e8xia) i tamb\u00e9 els trastorns per ab\u00fas de subst\u00e0ncies (les<br>drogodepend\u00e8ncies). Aquests trastorns representen la part m\u00e9s disfuncional del capitalisme: el consum pel consum, sense parar tot i que no sigui necessari.<br><\/p>\n\n\n\n<p>\u00d2bviament no totes les persones hem viscut afectats per aquests Trastorns. Tot i aix\u00ed, la nostra conducta s\u2019ha vist influenciada moltes vegades per aquest mecanisme de consum. I ara? Qu\u00e8 passa quan ens trobem en aquesta nova realitat. Allunyats d\u2019aquest aparador. Desapareixen tamb\u00e9 aquests impulsos mercantils?<br><\/p>\n\n\n\n<p>La resposta no \u00e9s simple, ni \u00fanica. I dep\u00e8n de molts factors. Sobretot de la capacitat que puguem tenir les persones per a poder connectar amb els nostres desitjos i en com els hi donem resposta. \u00c9s a dir, en com ens ho fem, estan confinats, per trobar moments de plaer. I sobretot, qu\u00e8 ens ho d\u00f3na?<br>I \u00e9s que, un dels riscos amb que ens podem trobar ara \u00e9s que, davant de l\u2019avorriment i la falta d\u2019est\u00edmuls externs, vulguem obtenir de forma immediata una recompensa  positiva. I quina \u00e9s la forma m\u00e9s r\u00e0pida de fer-ho? Les drogues. L\u2019alcohol, el tabac, el c\u00e0nnabis, el joc\u2026 tot all\u00f2 que ens produeix una sensaci\u00f3 de benestar a l\u2019instant.<br><\/p>\n\n\n\n<p>S\u00f3n dies en que f\u00e0cilment podem augmentar, gaireb\u00e9 sense adonar-nos-en, el consum de qualsevol d\u2019aquestes subst\u00e0ncies (tamb\u00e9 de menjar d\u2019una forma m\u00e9s compulsiva). A m\u00e9s, trobant la justificaci\u00f3 o excusa necess\u00e0ria: la situaci\u00f3 que vivim \u00e9s excepcional, o b\u00e9 estem avorrits i cansats d\u2019estar a casa, i en aquest sentit les drogues tamb\u00e9 tenen la capacitat de generar una evasi\u00f3 important de la realitat.<br><\/p>\n\n\n\n<p>Com d\u00e8iem abans, l\u2019important \u00e9s poder connectar amb els nostres desitjos, i fer-ho d\u2019una forma on puguem obtenir benestar i plaer de maneres diferents, i que ho fem sense la necessitat que aquest benestar el rebem de forma immediata. <\/p>\n\n\n\n<p>Ens hem vist obligats a parar, doncs \u00e9s un bon moment per aprendre a alentir-nos.<br><\/p>\n\n\n\n<p>ADRI\u00c0 PUENTE SABATER, Psic\u00f2leg col\u00b7legiat 22.571<\/p>\n","protected":false},"excerpt":{"rendered":"<p>Avui al Blog de GenA compartirem la reflexi\u00f3 d&#8217;un dels membres de l&#8217;equip, ADRI\u00c0 PUENTE SABATER, Psic\u00f2leg col\u00b7legiat 22.571, referent a la relaci\u00f3 que pot tenir aquests dies el consum amb el fet d&#8217;estar confinats. Esperem que us faci reflexionar, i esperem els vostres comentaris. Aquests dies les nostres realitats han canviat. Estem habituats al&#8230;<\/p>\n","protected":false},"author":2,"featured_media":679,"comment_status":"open","ping_status":"open","sticky":false,"template":"","format":"standard","meta":{"_joinchat":[],"footnotes":""},"categories":[14],"tags":[],"class_list":["post-700","post","type-post","status-publish","format-standard","has-post-thumbnail","hentry","category-aportaciones-equipo-terapeutico"],"yoast_head":"<!-- This site is optimized with the Yoast SEO plugin v27.2 - https:\/\/yoast.com\/product\/yoast-seo-wordpress\/ -->\n<title>CONSUM I CONFINAMENT | Centre GEN A Esplugues.<\/title>\n<meta name=\"description\" content=\"Avui al Blog de GenA compartirem la reflexi\u00f3 d&#039;un dels membres de l&#039;equip, ADRI\u00c0 PUENTE SABATER, Psic\u00f2leg col\u00b7legiat 22.571.\" \/>\n<meta name=\"robots\" content=\"index, follow, max-snippet:-1, max-image-preview:large, max-video-preview:-1\" \/>\n<link rel=\"canonical\" href=\"https:\/\/www.gen-a.es\/ca\/consum-i-confinament\/\" \/>\n<meta property=\"og:locale\" content=\"ca_ES\" \/>\n<meta property=\"og:type\" content=\"article\" \/>\n<meta property=\"og:title\" content=\"CONSUM I CONFINAMENT | Centre GEN A Esplugues.\" \/>\n<meta property=\"og:description\" content=\"Avui al Blog de GenA compartirem la reflexi\u00f3 d&#039;un dels membres de l&#039;equip, ADRI\u00c0 PUENTE SABATER, Psic\u00f2leg col\u00b7legiat 22.571.\" \/>\n<meta property=\"og:url\" content=\"https:\/\/www.gen-a.es\/ca\/consum-i-confinament\/\" \/>\n<meta property=\"og:site_name\" content=\"Gen A\" \/>\n<meta property=\"article:published_time\" content=\"2020-04-03T09:23:12+00:00\" \/>\n<meta property=\"article:modified_time\" content=\"2020-12-17T18:24:39+00:00\" \/>\n<meta property=\"og:image\" content=\"https:\/\/www.gen-a.es\/wp-content\/uploads\/2020\/03\/6.jpg\" \/>\n\t<meta property=\"og:image:width\" content=\"600\" \/>\n\t<meta property=\"og:image:height\" content=\"800\" \/>\n\t<meta property=\"og:image:type\" content=\"image\/jpeg\" \/>\n<meta name=\"author\" content=\"Gen A\" \/>\n<meta name=\"twitter:card\" content=\"summary_large_image\" \/>\n<meta name=\"twitter:label1\" content=\"Escrit per\" \/>\n\t<meta name=\"twitter:data1\" content=\"Gen A\" \/>\n\t<meta name=\"twitter:label2\" content=\"Temps estimat de lectura\" \/>\n\t<meta name=\"twitter:data2\" content=\"3 minuts\" \/>\n<script type=\"application\/ld+json\" class=\"yoast-schema-graph\">{\"@context\":\"https:\/\/schema.org\",\"@graph\":[{\"@type\":\"Article\",\"@id\":\"https:\/\/www.gen-a.es\/ca\/consum-i-confinament\/#article\",\"isPartOf\":{\"@id\":\"https:\/\/www.gen-a.es\/ca\/consum-i-confinament\/\"},\"author\":{\"name\":\"Gen A\",\"@id\":\"https:\/\/www.gen-a.es\/ca\/#\/schema\/person\/ba7a8a14b9e096fffc5909bc49623aeb\"},\"headline\":\"CONSUM I CONFINAMENT\",\"datePublished\":\"2020-04-03T09:23:12+00:00\",\"dateModified\":\"2020-12-17T18:24:39+00:00\",\"mainEntityOfPage\":{\"@id\":\"https:\/\/www.gen-a.es\/ca\/consum-i-confinament\/\"},\"wordCount\":560,\"commentCount\":0,\"publisher\":{\"@id\":\"https:\/\/www.gen-a.es\/ca\/#organization\"},\"image\":{\"@id\":\"https:\/\/www.gen-a.es\/ca\/consum-i-confinament\/#primaryimage\"},\"thumbnailUrl\":\"https:\/\/www.gen-a.es\/wp-content\/uploads\/2020\/03\/6.jpg\",\"articleSection\":[\"APORTACIONES EQUIPO TERAP\u00c9UTICO\"],\"inLanguage\":\"ca\",\"potentialAction\":[{\"@type\":\"CommentAction\",\"name\":\"Comment\",\"target\":[\"https:\/\/www.gen-a.es\/ca\/consum-i-confinament\/#respond\"]}]},{\"@type\":\"WebPage\",\"@id\":\"https:\/\/www.gen-a.es\/ca\/consum-i-confinament\/\",\"url\":\"https:\/\/www.gen-a.es\/ca\/consum-i-confinament\/\",\"name\":\"CONSUM I CONFINAMENT | Centre GEN A Esplugues.\",\"isPartOf\":{\"@id\":\"https:\/\/www.gen-a.es\/ca\/#website\"},\"primaryImageOfPage\":{\"@id\":\"https:\/\/www.gen-a.es\/ca\/consum-i-confinament\/#primaryimage\"},\"image\":{\"@id\":\"https:\/\/www.gen-a.es\/ca\/consum-i-confinament\/#primaryimage\"},\"thumbnailUrl\":\"https:\/\/www.gen-a.es\/wp-content\/uploads\/2020\/03\/6.jpg\",\"datePublished\":\"2020-04-03T09:23:12+00:00\",\"dateModified\":\"2020-12-17T18:24:39+00:00\",\"description\":\"Avui al Blog de GenA compartirem la reflexi\u00f3 d'un dels membres de l'equip, ADRI\u00c0 PUENTE SABATER, Psic\u00f2leg col\u00b7legiat 22.571.\",\"breadcrumb\":{\"@id\":\"https:\/\/www.gen-a.es\/ca\/consum-i-confinament\/#breadcrumb\"},\"inLanguage\":\"ca\",\"potentialAction\":[{\"@type\":\"ReadAction\",\"target\":[\"https:\/\/www.gen-a.es\/ca\/consum-i-confinament\/\"]}]},{\"@type\":\"ImageObject\",\"inLanguage\":\"ca\",\"@id\":\"https:\/\/www.gen-a.es\/ca\/consum-i-confinament\/#primaryimage\",\"url\":\"https:\/\/www.gen-a.es\/wp-content\/uploads\/2020\/03\/6.jpg\",\"contentUrl\":\"https:\/\/www.gen-a.es\/wp-content\/uploads\/2020\/03\/6.jpg\",\"width\":600,\"height\":800},{\"@type\":\"BreadcrumbList\",\"@id\":\"https:\/\/www.gen-a.es\/ca\/consum-i-confinament\/#breadcrumb\",\"itemListElement\":[{\"@type\":\"ListItem\",\"position\":1,\"name\":\"Portada\",\"item\":\"https:\/\/www.gen-a.es\/ca\/inicio\/\"},{\"@type\":\"ListItem\",\"position\":2,\"name\":\"CONSUM I CONFINAMENT\"}]},{\"@type\":\"WebSite\",\"@id\":\"https:\/\/www.gen-a.es\/ca\/#website\",\"url\":\"https:\/\/www.gen-a.es\/ca\/\",\"name\":\"Gen A\",\"description\":\"Centro de Adicciones Barcelona\",\"publisher\":{\"@id\":\"https:\/\/www.gen-a.es\/ca\/#organization\"},\"potentialAction\":[{\"@type\":\"SearchAction\",\"target\":{\"@type\":\"EntryPoint\",\"urlTemplate\":\"https:\/\/www.gen-a.es\/ca\/?s={search_term_string}\"},\"query-input\":{\"@type\":\"PropertyValueSpecification\",\"valueRequired\":true,\"valueName\":\"search_term_string\"}}],\"inLanguage\":\"ca\"},{\"@type\":\"Organization\",\"@id\":\"https:\/\/www.gen-a.es\/ca\/#organization\",\"name\":\"Gen A\",\"url\":\"https:\/\/www.gen-a.es\/ca\/\",\"logo\":{\"@type\":\"ImageObject\",\"inLanguage\":\"ca\",\"@id\":\"https:\/\/www.gen-a.es\/ca\/#\/schema\/logo\/image\/\",\"url\":\"https:\/\/www.gen-a.es\/wp-content\/uploads\/2019\/09\/Isotipo-Gen-A-Color.png\",\"contentUrl\":\"https:\/\/www.gen-a.es\/wp-content\/uploads\/2019\/09\/Isotipo-Gen-A-Color.png\",\"width\":1000,\"height\":714,\"caption\":\"Gen A\"},\"image\":{\"@id\":\"https:\/\/www.gen-a.es\/ca\/#\/schema\/logo\/image\/\"}},{\"@type\":\"Person\",\"@id\":\"https:\/\/www.gen-a.es\/ca\/#\/schema\/person\/ba7a8a14b9e096fffc5909bc49623aeb\",\"name\":\"Gen A\",\"image\":{\"@type\":\"ImageObject\",\"inLanguage\":\"ca\",\"@id\":\"https:\/\/www.gen-a.es\/wp-content\/litespeed\/avatar\/a723686278a8201374feddb010a072fe.jpg?ver=1776630739\",\"url\":\"https:\/\/www.gen-a.es\/wp-content\/litespeed\/avatar\/a723686278a8201374feddb010a072fe.jpg?ver=1776630739\",\"contentUrl\":\"https:\/\/www.gen-a.es\/wp-content\/litespeed\/avatar\/a723686278a8201374feddb010a072fe.jpg?ver=1776630739\",\"caption\":\"Gen A\"}}]}<\/script>\n<!-- \/ Yoast SEO plugin. -->","yoast_head_json":{"title":"CONSUM I CONFINAMENT | Centre GEN A Esplugues.","description":"Avui al Blog de GenA compartirem la reflexi\u00f3 d'un dels membres de l'equip, ADRI\u00c0 PUENTE SABATER, Psic\u00f2leg col\u00b7legiat 22.571.","robots":{"index":"index","follow":"follow","max-snippet":"max-snippet:-1","max-image-preview":"max-image-preview:large","max-video-preview":"max-video-preview:-1"},"canonical":"https:\/\/www.gen-a.es\/ca\/consum-i-confinament\/","og_locale":"ca_ES","og_type":"article","og_title":"CONSUM I CONFINAMENT | Centre GEN A Esplugues.","og_description":"Avui al Blog de GenA compartirem la reflexi\u00f3 d'un dels membres de l'equip, ADRI\u00c0 PUENTE SABATER, Psic\u00f2leg col\u00b7legiat 22.571.","og_url":"https:\/\/www.gen-a.es\/ca\/consum-i-confinament\/","og_site_name":"Gen A","article_published_time":"2020-04-03T09:23:12+00:00","article_modified_time":"2020-12-17T18:24:39+00:00","og_image":[{"width":600,"height":800,"url":"https:\/\/www.gen-a.es\/wp-content\/uploads\/2020\/03\/6.jpg","type":"image\/jpeg"}],"author":"Gen A","twitter_card":"summary_large_image","twitter_misc":{"Escrit per":"Gen A","Temps estimat de lectura":"3 minuts"},"schema":{"@context":"https:\/\/schema.org","@graph":[{"@type":"Article","@id":"https:\/\/www.gen-a.es\/ca\/consum-i-confinament\/#article","isPartOf":{"@id":"https:\/\/www.gen-a.es\/ca\/consum-i-confinament\/"},"author":{"name":"Gen A","@id":"https:\/\/www.gen-a.es\/ca\/#\/schema\/person\/ba7a8a14b9e096fffc5909bc49623aeb"},"headline":"CONSUM I CONFINAMENT","datePublished":"2020-04-03T09:23:12+00:00","dateModified":"2020-12-17T18:24:39+00:00","mainEntityOfPage":{"@id":"https:\/\/www.gen-a.es\/ca\/consum-i-confinament\/"},"wordCount":560,"commentCount":0,"publisher":{"@id":"https:\/\/www.gen-a.es\/ca\/#organization"},"image":{"@id":"https:\/\/www.gen-a.es\/ca\/consum-i-confinament\/#primaryimage"},"thumbnailUrl":"https:\/\/www.gen-a.es\/wp-content\/uploads\/2020\/03\/6.jpg","articleSection":["APORTACIONES EQUIPO TERAP\u00c9UTICO"],"inLanguage":"ca","potentialAction":[{"@type":"CommentAction","name":"Comment","target":["https:\/\/www.gen-a.es\/ca\/consum-i-confinament\/#respond"]}]},{"@type":"WebPage","@id":"https:\/\/www.gen-a.es\/ca\/consum-i-confinament\/","url":"https:\/\/www.gen-a.es\/ca\/consum-i-confinament\/","name":"CONSUM I CONFINAMENT | Centre GEN A Esplugues.","isPartOf":{"@id":"https:\/\/www.gen-a.es\/ca\/#website"},"primaryImageOfPage":{"@id":"https:\/\/www.gen-a.es\/ca\/consum-i-confinament\/#primaryimage"},"image":{"@id":"https:\/\/www.gen-a.es\/ca\/consum-i-confinament\/#primaryimage"},"thumbnailUrl":"https:\/\/www.gen-a.es\/wp-content\/uploads\/2020\/03\/6.jpg","datePublished":"2020-04-03T09:23:12+00:00","dateModified":"2020-12-17T18:24:39+00:00","description":"Avui al Blog de GenA compartirem la reflexi\u00f3 d'un dels membres de l'equip, ADRI\u00c0 PUENTE SABATER, Psic\u00f2leg col\u00b7legiat 22.571.","breadcrumb":{"@id":"https:\/\/www.gen-a.es\/ca\/consum-i-confinament\/#breadcrumb"},"inLanguage":"ca","potentialAction":[{"@type":"ReadAction","target":["https:\/\/www.gen-a.es\/ca\/consum-i-confinament\/"]}]},{"@type":"ImageObject","inLanguage":"ca","@id":"https:\/\/www.gen-a.es\/ca\/consum-i-confinament\/#primaryimage","url":"https:\/\/www.gen-a.es\/wp-content\/uploads\/2020\/03\/6.jpg","contentUrl":"https:\/\/www.gen-a.es\/wp-content\/uploads\/2020\/03\/6.jpg","width":600,"height":800},{"@type":"BreadcrumbList","@id":"https:\/\/www.gen-a.es\/ca\/consum-i-confinament\/#breadcrumb","itemListElement":[{"@type":"ListItem","position":1,"name":"Portada","item":"https:\/\/www.gen-a.es\/ca\/inicio\/"},{"@type":"ListItem","position":2,"name":"CONSUM I CONFINAMENT"}]},{"@type":"WebSite","@id":"https:\/\/www.gen-a.es\/ca\/#website","url":"https:\/\/www.gen-a.es\/ca\/","name":"Gen A","description":"Centro de Adicciones Barcelona","publisher":{"@id":"https:\/\/www.gen-a.es\/ca\/#organization"},"potentialAction":[{"@type":"SearchAction","target":{"@type":"EntryPoint","urlTemplate":"https:\/\/www.gen-a.es\/ca\/?s={search_term_string}"},"query-input":{"@type":"PropertyValueSpecification","valueRequired":true,"valueName":"search_term_string"}}],"inLanguage":"ca"},{"@type":"Organization","@id":"https:\/\/www.gen-a.es\/ca\/#organization","name":"Gen A","url":"https:\/\/www.gen-a.es\/ca\/","logo":{"@type":"ImageObject","inLanguage":"ca","@id":"https:\/\/www.gen-a.es\/ca\/#\/schema\/logo\/image\/","url":"https:\/\/www.gen-a.es\/wp-content\/uploads\/2019\/09\/Isotipo-Gen-A-Color.png","contentUrl":"https:\/\/www.gen-a.es\/wp-content\/uploads\/2019\/09\/Isotipo-Gen-A-Color.png","width":1000,"height":714,"caption":"Gen A"},"image":{"@id":"https:\/\/www.gen-a.es\/ca\/#\/schema\/logo\/image\/"}},{"@type":"Person","@id":"https:\/\/www.gen-a.es\/ca\/#\/schema\/person\/ba7a8a14b9e096fffc5909bc49623aeb","name":"Gen A","image":{"@type":"ImageObject","inLanguage":"ca","@id":"https:\/\/www.gen-a.es\/wp-content\/litespeed\/avatar\/a723686278a8201374feddb010a072fe.jpg?ver=1776630739","url":"https:\/\/www.gen-a.es\/wp-content\/litespeed\/avatar\/a723686278a8201374feddb010a072fe.jpg?ver=1776630739","contentUrl":"https:\/\/www.gen-a.es\/wp-content\/litespeed\/avatar\/a723686278a8201374feddb010a072fe.jpg?ver=1776630739","caption":"Gen A"}}]}},"_links":{"self":[{"href":"https:\/\/www.gen-a.es\/ca\/wp-json\/wp\/v2\/posts\/700","targetHints":{"allow":["GET"]}}],"collection":[{"href":"https:\/\/www.gen-a.es\/ca\/wp-json\/wp\/v2\/posts"}],"about":[{"href":"https:\/\/www.gen-a.es\/ca\/wp-json\/wp\/v2\/types\/post"}],"author":[{"embeddable":true,"href":"https:\/\/www.gen-a.es\/ca\/wp-json\/wp\/v2\/users\/2"}],"replies":[{"embeddable":true,"href":"https:\/\/www.gen-a.es\/ca\/wp-json\/wp\/v2\/comments?post=700"}],"version-history":[{"count":0,"href":"https:\/\/www.gen-a.es\/ca\/wp-json\/wp\/v2\/posts\/700\/revisions"}],"wp:featuredmedia":[{"embeddable":true,"href":"https:\/\/www.gen-a.es\/ca\/wp-json\/wp\/v2\/media\/679"}],"wp:attachment":[{"href":"https:\/\/www.gen-a.es\/ca\/wp-json\/wp\/v2\/media?parent=700"}],"wp:term":[{"taxonomy":"category","embeddable":true,"href":"https:\/\/www.gen-a.es\/ca\/wp-json\/wp\/v2\/categories?post=700"},{"taxonomy":"post_tag","embeddable":true,"href":"https:\/\/www.gen-a.es\/ca\/wp-json\/wp\/v2\/tags?post=700"}],"curies":[{"name":"wp","href":"https:\/\/api.w.org\/{rel}","templated":true}]}}